{"id":8062,"date":"2025-10-13T10:15:52","date_gmt":"2025-10-13T08:15:52","guid":{"rendered":"https:\/\/www.haircompanyprofessional.it\/eclipse-collection-2026-luce-e-ombra-forza-e-delicatezza\/"},"modified":"2025-10-22T16:33:01","modified_gmt":"2025-10-22T14:33:01","slug":"eclipse-collection-2026-luz-y-sombra-la-belleza-que-se-transforma","status":"publish","type":"post","link":"https:\/\/www.haircompanyprofessional.it\/es\/eclipse-collection-2026-luz-y-sombra-la-belleza-que-se-transforma\/","title":{"rendered":"ECLIPSE COLLECTION 2026: Luz y sombra \u2014 la belleza que se transforma"},"content":{"rendered":"<p><strong>La colecci\u00f3n Eclipse 2026 celebra el equilibrio entre la fuerza y la delicadeza, transformando cada cabello en una historia de libertad.<\/strong><\/p>\n<p>Inspirada en los fen\u00f3menos y misterios de los cuerpos celestes, explora el instante suspendido en el que los contrastes y las armon\u00edas se encuentran, dando vida a tres universos de estilo, cada uno con su propia alma e interpretaci\u00f3n de la feminidad.<\/p>\n<p>D\u00e9jate inspirar por las tendencias que entrelazan matices y elegancia en cada gesto.<\/p>\n<p>&nbsp;<\/p>\n<p><a class=\"btn btn-circle-then-bg\" href=\"\/es\/collezioni\/eclipse-collection-2026\/\">Ver la colecci\u00f3n<\/a><\/p>\n","protected":false},"excerpt":{"rendered":"<p>Tre mondi, tre interpretazioni di bellezza nei capelli e nello styling, celebrate in un unico racconto di trasformazione e libert\u00e0.<\/p>\n","protected":false},"author":1,"featured_media":7898,"comment_status":"closed","ping_status":"closed","sticky":false,"template":"","format":"standard","meta":{"footnotes":""},"categories":[203],"tags":[],"class_list":["post-8062","post","type-post","status-publish","format-standard","has-post-thumbnail","hentry","category-noticias"],"acf":[],"yoast_head":"<!-- This site is optimized with the Yoast SEO plugin v23.8 - https:\/\/yoast.com\/wordpress\/plugins\/seo\/ -->\n<title>ECLIPSE COLLECTION 2026: Luz y sombra \u2014 la belleza que se transforma - Hair Company Professional<\/title>\n<meta name=\"robots\" content=\"index, follow, max-snippet:-1, max-image-preview:large, max-video-preview:-1\" \/>\n<link rel=\"canonical\" href=\"https:\/\/www.haircompanyprofessional.it\/es\/eclipse-collection-2026-luz-y-sombra-la-belleza-que-se-transforma\/\" \/>\n<meta property=\"og:locale\" content=\"es_ES\" \/>\n<meta property=\"og:type\" content=\"article\" \/>\n<meta property=\"og:title\" content=\"ECLIPSE COLLECTION 2026: Luz y sombra \u2014 la belleza que se transforma - Hair Company Professional\" \/>\n<meta property=\"og:description\" content=\"Tre mondi, tre interpretazioni di bellezza nei capelli e nello styling, celebrate in un unico racconto di trasformazione e libert\u00e0.\" \/>\n<meta property=\"og:url\" content=\"https:\/\/www.haircompanyprofessional.it\/es\/eclipse-collection-2026-luz-y-sombra-la-belleza-que-se-transforma\/\" \/>\n<meta property=\"og:site_name\" content=\"Hair Company Professional\" \/>\n<meta property=\"article:published_time\" content=\"2025-10-13T08:15:52+00:00\" \/>\n<meta property=\"article:modified_time\" content=\"2025-10-22T14:33:01+00:00\" \/>\n<meta property=\"og:image\" content=\"https:\/\/www.haircompanyprofessional.it\/wp-content\/uploads\/2025\/10\/nuova-collezione_logo.jpg\" \/>\n\t<meta property=\"og:image:width\" content=\"1620\" \/>\n\t<meta property=\"og:image:height\" content=\"760\" \/>\n\t<meta property=\"og:image:type\" content=\"image\/jpeg\" \/>\n<meta name=\"author\" content=\"hcp_admin\" \/>\n<meta name=\"twitter:card\" content=\"summary_large_image\" \/>\n<meta name=\"twitter:label1\" content=\"Escrito por\" \/>\n\t<meta name=\"twitter:data1\" content=\"hcp_admin\" \/>\n\t<meta name=\"twitter:label2\" content=\"Tiempo de lectura\" \/>\n\t<meta name=\"twitter:data2\" content=\"1 minuto\" \/>\n<script type=\"application\/ld+json\" class=\"yoast-schema-graph\">{\"@context\":\"https:\/\/schema.org\",\"@graph\":[{\"@type\":\"Article\",\"@id\":\"https:\/\/www.haircompanyprofessional.it\/es\/eclipse-collection-2026-luz-y-sombra-la-belleza-que-se-transforma\/#article\",\"isPartOf\":{\"@id\":\"https:\/\/www.haircompanyprofessional.it\/es\/eclipse-collection-2026-luz-y-sombra-la-belleza-que-se-transforma\/\"},\"author\":{\"name\":\"hcp_admin\",\"@id\":\"https:\/\/www.haircompanyprofessional.it\/#\/schema\/person\/3ef6ecda13f2fcad1f8c412c1f4645aa\"},\"headline\":\"ECLIPSE COLLECTION 2026: Luz y sombra \u2014 la belleza que se transforma\",\"datePublished\":\"2025-10-13T08:15:52+00:00\",\"dateModified\":\"2025-10-22T14:33:01+00:00\",\"mainEntityOfPage\":{\"@id\":\"https:\/\/www.haircompanyprofessional.it\/es\/eclipse-collection-2026-luz-y-sombra-la-belleza-que-se-transforma\/\"},\"wordCount\":95,\"publisher\":{\"@id\":\"https:\/\/www.haircompanyprofessional.it\/#organization\"},\"image\":{\"@id\":\"https:\/\/www.haircompanyprofessional.it\/es\/eclipse-collection-2026-luz-y-sombra-la-belleza-que-se-transforma\/#primaryimage\"},\"thumbnailUrl\":\"https:\/\/www.haircompanyprofessional.it\/wp-content\/uploads\/2025\/10\/nuova-collezione_logo.jpg\",\"articleSection\":[\"Noticias\"],\"inLanguage\":\"es\"},{\"@type\":\"WebPage\",\"@id\":\"https:\/\/www.haircompanyprofessional.it\/es\/eclipse-collection-2026-luz-y-sombra-la-belleza-que-se-transforma\/\",\"url\":\"https:\/\/www.haircompanyprofessional.it\/es\/eclipse-collection-2026-luz-y-sombra-la-belleza-que-se-transforma\/\",\"name\":\"ECLIPSE COLLECTION 2026: Luz y sombra \u2014 la belleza que se transforma - Hair Company Professional\",\"isPartOf\":{\"@id\":\"https:\/\/www.haircompanyprofessional.it\/#website\"},\"primaryImageOfPage\":{\"@id\":\"https:\/\/www.haircompanyprofessional.it\/es\/eclipse-collection-2026-luz-y-sombra-la-belleza-que-se-transforma\/#primaryimage\"},\"image\":{\"@id\":\"https:\/\/www.haircompanyprofessional.it\/es\/eclipse-collection-2026-luz-y-sombra-la-belleza-que-se-transforma\/#primaryimage\"},\"thumbnailUrl\":\"https:\/\/www.haircompanyprofessional.it\/wp-content\/uploads\/2025\/10\/nuova-collezione_logo.jpg\",\"datePublished\":\"2025-10-13T08:15:52+00:00\",\"dateModified\":\"2025-10-22T14:33:01+00:00\",\"breadcrumb\":{\"@id\":\"https:\/\/www.haircompanyprofessional.it\/es\/eclipse-collection-2026-luz-y-sombra-la-belleza-que-se-transforma\/#breadcrumb\"},\"inLanguage\":\"es\",\"potentialAction\":[{\"@type\":\"ReadAction\",\"target\":[\"https:\/\/www.haircompanyprofessional.it\/es\/eclipse-collection-2026-luz-y-sombra-la-belleza-que-se-transforma\/\"]}]},{\"@type\":\"ImageObject\",\"inLanguage\":\"es\",\"@id\":\"https:\/\/www.haircompanyprofessional.it\/es\/eclipse-collection-2026-luz-y-sombra-la-belleza-que-se-transforma\/#primaryimage\",\"url\":\"https:\/\/www.haircompanyprofessional.it\/wp-content\/uploads\/2025\/10\/nuova-collezione_logo.jpg\",\"contentUrl\":\"https:\/\/www.haircompanyprofessional.it\/wp-content\/uploads\/2025\/10\/nuova-collezione_logo.jpg\",\"width\":1620,\"height\":760,\"caption\":\"Nuova Eclipse Collection 2026\"},{\"@type\":\"BreadcrumbList\",\"@id\":\"https:\/\/www.haircompanyprofessional.it\/es\/eclipse-collection-2026-luz-y-sombra-la-belleza-que-se-transforma\/#breadcrumb\",\"itemListElement\":[{\"@type\":\"ListItem\",\"position\":1,\"name\":\"Home\",\"item\":\"https:\/\/www.haircompanyprofessional.it\/es\/\"},{\"@type\":\"ListItem\",\"position\":2,\"name\":\"ECLIPSE COLLECTION 2026: Luz y sombra \u2014 la belleza que se transforma\"}]},{\"@type\":\"WebSite\",\"@id\":\"https:\/\/www.haircompanyprofessional.it\/#website\",\"url\":\"https:\/\/www.haircompanyprofessional.it\/\",\"name\":\"Hair Company Professional\",\"description\":\"\",\"publisher\":{\"@id\":\"https:\/\/www.haircompanyprofessional.it\/#organization\"},\"potentialAction\":[{\"@type\":\"SearchAction\",\"target\":{\"@type\":\"EntryPoint\",\"urlTemplate\":\"https:\/\/www.haircompanyprofessional.it\/?s={search_term_string}\"},\"query-input\":{\"@type\":\"PropertyValueSpecification\",\"valueRequired\":true,\"valueName\":\"search_term_string\"}}],\"inLanguage\":\"es\"},{\"@type\":\"Organization\",\"@id\":\"https:\/\/www.haircompanyprofessional.it\/#organization\",\"name\":\"Hair Company Professional\",\"url\":\"https:\/\/www.haircompanyprofessional.it\/\",\"logo\":{\"@type\":\"ImageObject\",\"inLanguage\":\"es\",\"@id\":\"https:\/\/www.haircompanyprofessional.it\/#\/schema\/logo\/image\/\",\"url\":\"https:\/\/www.haircompanyprofessional.it\/wp-content\/uploads\/2022\/03\/logo.png\",\"contentUrl\":\"https:\/\/www.haircompanyprofessional.it\/wp-content\/uploads\/2022\/03\/logo.png\",\"width\":620,\"height\":176,\"caption\":\"Hair Company Professional\"},\"image\":{\"@id\":\"https:\/\/www.haircompanyprofessional.it\/#\/schema\/logo\/image\/\"}},{\"@type\":\"Person\",\"@id\":\"https:\/\/www.haircompanyprofessional.it\/#\/schema\/person\/3ef6ecda13f2fcad1f8c412c1f4645aa\",\"name\":\"hcp_admin\",\"image\":{\"@type\":\"ImageObject\",\"inLanguage\":\"es\",\"@id\":\"https:\/\/www.haircompanyprofessional.it\/#\/schema\/person\/image\/\",\"url\":\"https:\/\/secure.gravatar.com\/avatar\/1ec48629efc8a4349e68c1c0092504ed126bde8cf85d62e81ce65cb299b06357?s=96&d=mm&r=g\",\"contentUrl\":\"https:\/\/secure.gravatar.com\/avatar\/1ec48629efc8a4349e68c1c0092504ed126bde8cf85d62e81ce65cb299b06357?s=96&d=mm&r=g\",\"caption\":\"hcp_admin\"},\"sameAs\":[\"https:\/\/www.haircompanyprofessional.it\"]}]}<\/script>\n<!-- \/ Yoast SEO plugin. -->","yoast_head_json":{"title":"ECLIPSE COLLECTION 2026: Luz y sombra \u2014 la belleza que se transforma - Hair Company Professional","robots":{"index":"index","follow":"follow","max-snippet":"max-snippet:-1","max-image-preview":"max-image-preview:large","max-video-preview":"max-video-preview:-1"},"canonical":"https:\/\/www.haircompanyprofessional.it\/es\/eclipse-collection-2026-luz-y-sombra-la-belleza-que-se-transforma\/","og_locale":"es_ES","og_type":"article","og_title":"ECLIPSE COLLECTION 2026: Luz y sombra \u2014 la belleza que se transforma - Hair Company Professional","og_description":"Tre mondi, tre interpretazioni di bellezza nei capelli e nello styling, celebrate in un unico racconto di trasformazione e libert\u00e0.","og_url":"https:\/\/www.haircompanyprofessional.it\/es\/eclipse-collection-2026-luz-y-sombra-la-belleza-que-se-transforma\/","og_site_name":"Hair Company Professional","article_published_time":"2025-10-13T08:15:52+00:00","article_modified_time":"2025-10-22T14:33:01+00:00","og_image":[{"width":1620,"height":760,"url":"https:\/\/www.haircompanyprofessional.it\/wp-content\/uploads\/2025\/10\/nuova-collezione_logo.jpg","type":"image\/jpeg"}],"author":"hcp_admin","twitter_card":"summary_large_image","twitter_misc":{"Escrito por":"hcp_admin","Tiempo de lectura":"1 minuto"},"schema":{"@context":"https:\/\/schema.org","@graph":[{"@type":"Article","@id":"https:\/\/www.haircompanyprofessional.it\/es\/eclipse-collection-2026-luz-y-sombra-la-belleza-que-se-transforma\/#article","isPartOf":{"@id":"https:\/\/www.haircompanyprofessional.it\/es\/eclipse-collection-2026-luz-y-sombra-la-belleza-que-se-transforma\/"},"author":{"name":"hcp_admin","@id":"https:\/\/www.haircompanyprofessional.it\/#\/schema\/person\/3ef6ecda13f2fcad1f8c412c1f4645aa"},"headline":"ECLIPSE COLLECTION 2026: Luz y sombra \u2014 la belleza que se transforma","datePublished":"2025-10-13T08:15:52+00:00","dateModified":"2025-10-22T14:33:01+00:00","mainEntityOfPage":{"@id":"https:\/\/www.haircompanyprofessional.it\/es\/eclipse-collection-2026-luz-y-sombra-la-belleza-que-se-transforma\/"},"wordCount":95,"publisher":{"@id":"https:\/\/www.haircompanyprofessional.it\/#organization"},"image":{"@id":"https:\/\/www.haircompanyprofessional.it\/es\/eclipse-collection-2026-luz-y-sombra-la-belleza-que-se-transforma\/#primaryimage"},"thumbnailUrl":"https:\/\/www.haircompanyprofessional.it\/wp-content\/uploads\/2025\/10\/nuova-collezione_logo.jpg","articleSection":["Noticias"],"inLanguage":"es"},{"@type":"WebPage","@id":"https:\/\/www.haircompanyprofessional.it\/es\/eclipse-collection-2026-luz-y-sombra-la-belleza-que-se-transforma\/","url":"https:\/\/www.haircompanyprofessional.it\/es\/eclipse-collection-2026-luz-y-sombra-la-belleza-que-se-transforma\/","name":"ECLIPSE COLLECTION 2026: Luz y sombra \u2014 la belleza que se transforma - Hair Company Professional","isPartOf":{"@id":"https:\/\/www.haircompanyprofessional.it\/#website"},"primaryImageOfPage":{"@id":"https:\/\/www.haircompanyprofessional.it\/es\/eclipse-collection-2026-luz-y-sombra-la-belleza-que-se-transforma\/#primaryimage"},"image":{"@id":"https:\/\/www.haircompanyprofessional.it\/es\/eclipse-collection-2026-luz-y-sombra-la-belleza-que-se-transforma\/#primaryimage"},"thumbnailUrl":"https:\/\/www.haircompanyprofessional.it\/wp-content\/uploads\/2025\/10\/nuova-collezione_logo.jpg","datePublished":"2025-10-13T08:15:52+00:00","dateModified":"2025-10-22T14:33:01+00:00","breadcrumb":{"@id":"https:\/\/www.haircompanyprofessional.it\/es\/eclipse-collection-2026-luz-y-sombra-la-belleza-que-se-transforma\/#breadcrumb"},"inLanguage":"es","potentialAction":[{"@type":"ReadAction","target":["https:\/\/www.haircompanyprofessional.it\/es\/eclipse-collection-2026-luz-y-sombra-la-belleza-que-se-transforma\/"]}]},{"@type":"ImageObject","inLanguage":"es","@id":"https:\/\/www.haircompanyprofessional.it\/es\/eclipse-collection-2026-luz-y-sombra-la-belleza-que-se-transforma\/#primaryimage","url":"https:\/\/www.haircompanyprofessional.it\/wp-content\/uploads\/2025\/10\/nuova-collezione_logo.jpg","contentUrl":"https:\/\/www.haircompanyprofessional.it\/wp-content\/uploads\/2025\/10\/nuova-collezione_logo.jpg","width":1620,"height":760,"caption":"Nuova Eclipse Collection 2026"},{"@type":"BreadcrumbList","@id":"https:\/\/www.haircompanyprofessional.it\/es\/eclipse-collection-2026-luz-y-sombra-la-belleza-que-se-transforma\/#breadcrumb","itemListElement":[{"@type":"ListItem","position":1,"name":"Home","item":"https:\/\/www.haircompanyprofessional.it\/es\/"},{"@type":"ListItem","position":2,"name":"ECLIPSE COLLECTION 2026: Luz y sombra \u2014 la belleza que se transforma"}]},{"@type":"WebSite","@id":"https:\/\/www.haircompanyprofessional.it\/#website","url":"https:\/\/www.haircompanyprofessional.it\/","name":"Hair Company Professional","description":"","publisher":{"@id":"https:\/\/www.haircompanyprofessional.it\/#organization"},"potentialAction":[{"@type":"SearchAction","target":{"@type":"EntryPoint","urlTemplate":"https:\/\/www.haircompanyprofessional.it\/?s={search_term_string}"},"query-input":{"@type":"PropertyValueSpecification","valueRequired":true,"valueName":"search_term_string"}}],"inLanguage":"es"},{"@type":"Organization","@id":"https:\/\/www.haircompanyprofessional.it\/#organization","name":"Hair Company Professional","url":"https:\/\/www.haircompanyprofessional.it\/","logo":{"@type":"ImageObject","inLanguage":"es","@id":"https:\/\/www.haircompanyprofessional.it\/#\/schema\/logo\/image\/","url":"https:\/\/www.haircompanyprofessional.it\/wp-content\/uploads\/2022\/03\/logo.png","contentUrl":"https:\/\/www.haircompanyprofessional.it\/wp-content\/uploads\/2022\/03\/logo.png","width":620,"height":176,"caption":"Hair Company Professional"},"image":{"@id":"https:\/\/www.haircompanyprofessional.it\/#\/schema\/logo\/image\/"}},{"@type":"Person","@id":"https:\/\/www.haircompanyprofessional.it\/#\/schema\/person\/3ef6ecda13f2fcad1f8c412c1f4645aa","name":"hcp_admin","image":{"@type":"ImageObject","inLanguage":"es","@id":"https:\/\/www.haircompanyprofessional.it\/#\/schema\/person\/image\/","url":"https:\/\/secure.gravatar.com\/avatar\/1ec48629efc8a4349e68c1c0092504ed126bde8cf85d62e81ce65cb299b06357?s=96&d=mm&r=g","contentUrl":"https:\/\/secure.gravatar.com\/avatar\/1ec48629efc8a4349e68c1c0092504ed126bde8cf85d62e81ce65cb299b06357?s=96&d=mm&r=g","caption":"hcp_admin"},"sameAs":["https:\/\/www.haircompanyprofessional.it"]}]}},"_links":{"self":[{"href":"https:\/\/www.haircompanyprofessional.it\/es\/wp-json\/wp\/v2\/posts\/8062","targetHints":{"allow":["GET"]}}],"collection":[{"href":"https:\/\/www.haircompanyprofessional.it\/es\/wp-json\/wp\/v2\/posts"}],"about":[{"href":"https:\/\/www.haircompanyprofessional.it\/es\/wp-json\/wp\/v2\/types\/post"}],"author":[{"embeddable":true,"href":"https:\/\/www.haircompanyprofessional.it\/es\/wp-json\/wp\/v2\/users\/1"}],"replies":[{"embeddable":true,"href":"https:\/\/www.haircompanyprofessional.it\/es\/wp-json\/wp\/v2\/comments?post=8062"}],"version-history":[{"count":2,"href":"https:\/\/www.haircompanyprofessional.it\/es\/wp-json\/wp\/v2\/posts\/8062\/revisions"}],"predecessor-version":[{"id":8068,"href":"https:\/\/www.haircompanyprofessional.it\/es\/wp-json\/wp\/v2\/posts\/8062\/revisions\/8068"}],"wp:featuredmedia":[{"embeddable":true,"href":"https:\/\/www.haircompanyprofessional.it\/es\/wp-json\/wp\/v2\/media\/7898"}],"wp:attachment":[{"href":"https:\/\/www.haircompanyprofessional.it\/es\/wp-json\/wp\/v2\/media?parent=8062"}],"wp:term":[{"taxonomy":"category","embeddable":true,"href":"https:\/\/www.haircompanyprofessional.it\/es\/wp-json\/wp\/v2\/categories?post=8062"},{"taxonomy":"post_tag","embeddable":true,"href":"https:\/\/www.haircompanyprofessional.it\/es\/wp-json\/wp\/v2\/tags?post=8062"}],"curies":[{"name":"wp","href":"https:\/\/api.w.org\/{rel}","templated":true}]}}