{"id":8081,"date":"2025-10-22T16:59:24","date_gmt":"2025-10-22T14:59:24","guid":{"rendered":"https:\/\/www.haircompanyprofessional.it\/rivista-hair-company-look-book-2026\/"},"modified":"2025-10-23T17:42:30","modified_gmt":"2025-10-23T15:42:30","slug":"rivista-hair-company-look-book-2026","status":"publish","type":"post","link":"https:\/\/www.haircompanyprofessional.it\/es\/rivista-hair-company-look-book-2026\/","title":{"rendered":"Hair Company Look Book 2026"},"content":{"rendered":"<p>Para los apasionados de la moda y el peinado que desean estar al tanto de las \u00faltimas tendencias, el <strong>nuevo Look Book 2026 de Hair Company<\/strong> est\u00e1 aqu\u00ed para inspirarte.<\/p>\n<p>Esta edici\u00f3n no solo anticipa la tan esperada <strong>Eclipse Collection 2025<\/strong>, sino que tambi\u00e9n explora las tendencias emergentes y los looks m\u00e1s buscados de la temporada. Ya sea que busques un estilo audaz o un toque fresco para tu look diario, encontrar\u00e1s una amplia selecci\u00f3n de ideas innovadoras y originales.\u00a0Cada p\u00e1gina ha sido cuidadosamente creada por nuestro equipo de estilistas expertos, con consejos pr\u00e1cticos y perspectivas profesionales para ayudarte a encontrar el look perfecto para cada ocasi\u00f3n.\u00a0Expresa tu estilo \u00fanico Con una variedad de propuestas de moda para el cabello, te invitamos a dar forma a tu unicidad.<\/p>\n<p>Descarga ahora la revista completa desde nuestro sitio web y comienza a transformar tu visi\u00f3n en realidad.<\/p>\n<p>&nbsp;<\/p>\n<p><a class=\"btn btn-circle-then-bg\" href=\"\/wp-content\/uploads\/2025\/10\/LB14101ES-Magazine-Hair-Company-look-book-2026.pdf\">Descarga la revista<\/a><\/p>\n","protected":false},"excerpt":{"rendered":"<p>Para los apasionados de la moda y el peinado que desean estar al tanto de las \u00faltimas tendencias, el nuevo Look Book 2026 de Hair Company est\u00e1 aqu\u00ed para inspirarte.<\/p>\n","protected":false},"author":1,"featured_media":8077,"comment_status":"closed","ping_status":"closed","sticky":false,"template":"","format":"standard","meta":{"footnotes":""},"categories":[203],"tags":[],"class_list":["post-8081","post","type-post","status-publish","format-standard","has-post-thumbnail","hentry","category-noticias"],"acf":[],"yoast_head":"<!-- This site is optimized with the Yoast SEO plugin v23.8 - https:\/\/yoast.com\/wordpress\/plugins\/seo\/ -->\n<title>Hair Company Look Book 2026 - Hair Company Professional<\/title>\n<meta name=\"robots\" content=\"index, follow, max-snippet:-1, max-image-preview:large, max-video-preview:-1\" \/>\n<link rel=\"canonical\" href=\"https:\/\/www.haircompanyprofessional.it\/es\/rivista-hair-company-look-book-2026\/\" \/>\n<meta property=\"og:locale\" content=\"es_ES\" \/>\n<meta property=\"og:type\" content=\"article\" \/>\n<meta property=\"og:title\" content=\"Hair Company Look Book 2026 - Hair Company Professional\" \/>\n<meta property=\"og:description\" content=\"Para los apasionados de la moda y el peinado que desean estar al tanto de las \u00faltimas tendencias, el nuevo Look Book 2026 de Hair Company est\u00e1 aqu\u00ed para inspirarte.\" \/>\n<meta property=\"og:url\" content=\"https:\/\/www.haircompanyprofessional.it\/es\/rivista-hair-company-look-book-2026\/\" \/>\n<meta property=\"og:site_name\" content=\"Hair Company Professional\" \/>\n<meta property=\"article:published_time\" content=\"2025-10-22T14:59:24+00:00\" \/>\n<meta property=\"article:modified_time\" content=\"2025-10-23T15:42:30+00:00\" \/>\n<meta property=\"og:image\" content=\"https:\/\/www.haircompanyprofessional.it\/wp-content\/uploads\/2025\/10\/You-look-book-2026.jpg\" \/>\n\t<meta property=\"og:image:width\" content=\"1620\" \/>\n\t<meta property=\"og:image:height\" content=\"760\" \/>\n\t<meta property=\"og:image:type\" content=\"image\/jpeg\" \/>\n<meta name=\"author\" content=\"hcp_admin\" \/>\n<meta name=\"twitter:card\" content=\"summary_large_image\" \/>\n<meta name=\"twitter:label1\" content=\"Escrito por\" \/>\n\t<meta name=\"twitter:data1\" content=\"hcp_admin\" \/>\n\t<meta name=\"twitter:label2\" content=\"Tiempo de lectura\" \/>\n\t<meta name=\"twitter:data2\" content=\"1 minuto\" \/>\n<script type=\"application\/ld+json\" class=\"yoast-schema-graph\">{\"@context\":\"https:\/\/schema.org\",\"@graph\":[{\"@type\":\"Article\",\"@id\":\"https:\/\/www.haircompanyprofessional.it\/es\/rivista-hair-company-look-book-2026\/#article\",\"isPartOf\":{\"@id\":\"https:\/\/www.haircompanyprofessional.it\/es\/rivista-hair-company-look-book-2026\/\"},\"author\":{\"name\":\"hcp_admin\",\"@id\":\"https:\/\/www.haircompanyprofessional.it\/#\/schema\/person\/3ef6ecda13f2fcad1f8c412c1f4645aa\"},\"headline\":\"Hair Company Look Book 2026\",\"datePublished\":\"2025-10-22T14:59:24+00:00\",\"dateModified\":\"2025-10-23T15:42:30+00:00\",\"mainEntityOfPage\":{\"@id\":\"https:\/\/www.haircompanyprofessional.it\/es\/rivista-hair-company-look-book-2026\/\"},\"wordCount\":162,\"publisher\":{\"@id\":\"https:\/\/www.haircompanyprofessional.it\/#organization\"},\"image\":{\"@id\":\"https:\/\/www.haircompanyprofessional.it\/es\/rivista-hair-company-look-book-2026\/#primaryimage\"},\"thumbnailUrl\":\"https:\/\/www.haircompanyprofessional.it\/wp-content\/uploads\/2025\/10\/You-look-book-2026.jpg\",\"articleSection\":[\"Noticias\"],\"inLanguage\":\"es\"},{\"@type\":\"WebPage\",\"@id\":\"https:\/\/www.haircompanyprofessional.it\/es\/rivista-hair-company-look-book-2026\/\",\"url\":\"https:\/\/www.haircompanyprofessional.it\/es\/rivista-hair-company-look-book-2026\/\",\"name\":\"Hair Company Look Book 2026 - Hair Company Professional\",\"isPartOf\":{\"@id\":\"https:\/\/www.haircompanyprofessional.it\/#website\"},\"primaryImageOfPage\":{\"@id\":\"https:\/\/www.haircompanyprofessional.it\/es\/rivista-hair-company-look-book-2026\/#primaryimage\"},\"image\":{\"@id\":\"https:\/\/www.haircompanyprofessional.it\/es\/rivista-hair-company-look-book-2026\/#primaryimage\"},\"thumbnailUrl\":\"https:\/\/www.haircompanyprofessional.it\/wp-content\/uploads\/2025\/10\/You-look-book-2026.jpg\",\"datePublished\":\"2025-10-22T14:59:24+00:00\",\"dateModified\":\"2025-10-23T15:42:30+00:00\",\"breadcrumb\":{\"@id\":\"https:\/\/www.haircompanyprofessional.it\/es\/rivista-hair-company-look-book-2026\/#breadcrumb\"},\"inLanguage\":\"es\",\"potentialAction\":[{\"@type\":\"ReadAction\",\"target\":[\"https:\/\/www.haircompanyprofessional.it\/es\/rivista-hair-company-look-book-2026\/\"]}]},{\"@type\":\"ImageObject\",\"inLanguage\":\"es\",\"@id\":\"https:\/\/www.haircompanyprofessional.it\/es\/rivista-hair-company-look-book-2026\/#primaryimage\",\"url\":\"https:\/\/www.haircompanyprofessional.it\/wp-content\/uploads\/2025\/10\/You-look-book-2026.jpg\",\"contentUrl\":\"https:\/\/www.haircompanyprofessional.it\/wp-content\/uploads\/2025\/10\/You-look-book-2026.jpg\",\"width\":1620,\"height\":760,\"caption\":\"You-look-book-2026\"},{\"@type\":\"BreadcrumbList\",\"@id\":\"https:\/\/www.haircompanyprofessional.it\/es\/rivista-hair-company-look-book-2026\/#breadcrumb\",\"itemListElement\":[{\"@type\":\"ListItem\",\"position\":1,\"name\":\"Home\",\"item\":\"https:\/\/www.haircompanyprofessional.it\/es\/\"},{\"@type\":\"ListItem\",\"position\":2,\"name\":\"Hair Company Look Book 2026\"}]},{\"@type\":\"WebSite\",\"@id\":\"https:\/\/www.haircompanyprofessional.it\/#website\",\"url\":\"https:\/\/www.haircompanyprofessional.it\/\",\"name\":\"Hair Company Professional\",\"description\":\"\",\"publisher\":{\"@id\":\"https:\/\/www.haircompanyprofessional.it\/#organization\"},\"potentialAction\":[{\"@type\":\"SearchAction\",\"target\":{\"@type\":\"EntryPoint\",\"urlTemplate\":\"https:\/\/www.haircompanyprofessional.it\/?s={search_term_string}\"},\"query-input\":{\"@type\":\"PropertyValueSpecification\",\"valueRequired\":true,\"valueName\":\"search_term_string\"}}],\"inLanguage\":\"es\"},{\"@type\":\"Organization\",\"@id\":\"https:\/\/www.haircompanyprofessional.it\/#organization\",\"name\":\"Hair Company Professional\",\"url\":\"https:\/\/www.haircompanyprofessional.it\/\",\"logo\":{\"@type\":\"ImageObject\",\"inLanguage\":\"es\",\"@id\":\"https:\/\/www.haircompanyprofessional.it\/#\/schema\/logo\/image\/\",\"url\":\"https:\/\/www.haircompanyprofessional.it\/wp-content\/uploads\/2022\/03\/logo.png\",\"contentUrl\":\"https:\/\/www.haircompanyprofessional.it\/wp-content\/uploads\/2022\/03\/logo.png\",\"width\":620,\"height\":176,\"caption\":\"Hair Company Professional\"},\"image\":{\"@id\":\"https:\/\/www.haircompanyprofessional.it\/#\/schema\/logo\/image\/\"}},{\"@type\":\"Person\",\"@id\":\"https:\/\/www.haircompanyprofessional.it\/#\/schema\/person\/3ef6ecda13f2fcad1f8c412c1f4645aa\",\"name\":\"hcp_admin\",\"image\":{\"@type\":\"ImageObject\",\"inLanguage\":\"es\",\"@id\":\"https:\/\/www.haircompanyprofessional.it\/#\/schema\/person\/image\/\",\"url\":\"https:\/\/secure.gravatar.com\/avatar\/1ec48629efc8a4349e68c1c0092504ed126bde8cf85d62e81ce65cb299b06357?s=96&d=mm&r=g\",\"contentUrl\":\"https:\/\/secure.gravatar.com\/avatar\/1ec48629efc8a4349e68c1c0092504ed126bde8cf85d62e81ce65cb299b06357?s=96&d=mm&r=g\",\"caption\":\"hcp_admin\"},\"sameAs\":[\"https:\/\/www.haircompanyprofessional.it\"]}]}<\/script>\n<!-- \/ Yoast SEO plugin. -->","yoast_head_json":{"title":"Hair Company Look Book 2026 - Hair Company Professional","robots":{"index":"index","follow":"follow","max-snippet":"max-snippet:-1","max-image-preview":"max-image-preview:large","max-video-preview":"max-video-preview:-1"},"canonical":"https:\/\/www.haircompanyprofessional.it\/es\/rivista-hair-company-look-book-2026\/","og_locale":"es_ES","og_type":"article","og_title":"Hair Company Look Book 2026 - Hair Company Professional","og_description":"Para los apasionados de la moda y el peinado que desean estar al tanto de las \u00faltimas tendencias, el nuevo Look Book 2026 de Hair Company est\u00e1 aqu\u00ed para inspirarte.","og_url":"https:\/\/www.haircompanyprofessional.it\/es\/rivista-hair-company-look-book-2026\/","og_site_name":"Hair Company Professional","article_published_time":"2025-10-22T14:59:24+00:00","article_modified_time":"2025-10-23T15:42:30+00:00","og_image":[{"width":1620,"height":760,"url":"https:\/\/www.haircompanyprofessional.it\/wp-content\/uploads\/2025\/10\/You-look-book-2026.jpg","type":"image\/jpeg"}],"author":"hcp_admin","twitter_card":"summary_large_image","twitter_misc":{"Escrito por":"hcp_admin","Tiempo de lectura":"1 minuto"},"schema":{"@context":"https:\/\/schema.org","@graph":[{"@type":"Article","@id":"https:\/\/www.haircompanyprofessional.it\/es\/rivista-hair-company-look-book-2026\/#article","isPartOf":{"@id":"https:\/\/www.haircompanyprofessional.it\/es\/rivista-hair-company-look-book-2026\/"},"author":{"name":"hcp_admin","@id":"https:\/\/www.haircompanyprofessional.it\/#\/schema\/person\/3ef6ecda13f2fcad1f8c412c1f4645aa"},"headline":"Hair Company Look Book 2026","datePublished":"2025-10-22T14:59:24+00:00","dateModified":"2025-10-23T15:42:30+00:00","mainEntityOfPage":{"@id":"https:\/\/www.haircompanyprofessional.it\/es\/rivista-hair-company-look-book-2026\/"},"wordCount":162,"publisher":{"@id":"https:\/\/www.haircompanyprofessional.it\/#organization"},"image":{"@id":"https:\/\/www.haircompanyprofessional.it\/es\/rivista-hair-company-look-book-2026\/#primaryimage"},"thumbnailUrl":"https:\/\/www.haircompanyprofessional.it\/wp-content\/uploads\/2025\/10\/You-look-book-2026.jpg","articleSection":["Noticias"],"inLanguage":"es"},{"@type":"WebPage","@id":"https:\/\/www.haircompanyprofessional.it\/es\/rivista-hair-company-look-book-2026\/","url":"https:\/\/www.haircompanyprofessional.it\/es\/rivista-hair-company-look-book-2026\/","name":"Hair Company Look Book 2026 - Hair Company Professional","isPartOf":{"@id":"https:\/\/www.haircompanyprofessional.it\/#website"},"primaryImageOfPage":{"@id":"https:\/\/www.haircompanyprofessional.it\/es\/rivista-hair-company-look-book-2026\/#primaryimage"},"image":{"@id":"https:\/\/www.haircompanyprofessional.it\/es\/rivista-hair-company-look-book-2026\/#primaryimage"},"thumbnailUrl":"https:\/\/www.haircompanyprofessional.it\/wp-content\/uploads\/2025\/10\/You-look-book-2026.jpg","datePublished":"2025-10-22T14:59:24+00:00","dateModified":"2025-10-23T15:42:30+00:00","breadcrumb":{"@id":"https:\/\/www.haircompanyprofessional.it\/es\/rivista-hair-company-look-book-2026\/#breadcrumb"},"inLanguage":"es","potentialAction":[{"@type":"ReadAction","target":["https:\/\/www.haircompanyprofessional.it\/es\/rivista-hair-company-look-book-2026\/"]}]},{"@type":"ImageObject","inLanguage":"es","@id":"https:\/\/www.haircompanyprofessional.it\/es\/rivista-hair-company-look-book-2026\/#primaryimage","url":"https:\/\/www.haircompanyprofessional.it\/wp-content\/uploads\/2025\/10\/You-look-book-2026.jpg","contentUrl":"https:\/\/www.haircompanyprofessional.it\/wp-content\/uploads\/2025\/10\/You-look-book-2026.jpg","width":1620,"height":760,"caption":"You-look-book-2026"},{"@type":"BreadcrumbList","@id":"https:\/\/www.haircompanyprofessional.it\/es\/rivista-hair-company-look-book-2026\/#breadcrumb","itemListElement":[{"@type":"ListItem","position":1,"name":"Home","item":"https:\/\/www.haircompanyprofessional.it\/es\/"},{"@type":"ListItem","position":2,"name":"Hair Company Look Book 2026"}]},{"@type":"WebSite","@id":"https:\/\/www.haircompanyprofessional.it\/#website","url":"https:\/\/www.haircompanyprofessional.it\/","name":"Hair Company Professional","description":"","publisher":{"@id":"https:\/\/www.haircompanyprofessional.it\/#organization"},"potentialAction":[{"@type":"SearchAction","target":{"@type":"EntryPoint","urlTemplate":"https:\/\/www.haircompanyprofessional.it\/?s={search_term_string}"},"query-input":{"@type":"PropertyValueSpecification","valueRequired":true,"valueName":"search_term_string"}}],"inLanguage":"es"},{"@type":"Organization","@id":"https:\/\/www.haircompanyprofessional.it\/#organization","name":"Hair Company Professional","url":"https:\/\/www.haircompanyprofessional.it\/","logo":{"@type":"ImageObject","inLanguage":"es","@id":"https:\/\/www.haircompanyprofessional.it\/#\/schema\/logo\/image\/","url":"https:\/\/www.haircompanyprofessional.it\/wp-content\/uploads\/2022\/03\/logo.png","contentUrl":"https:\/\/www.haircompanyprofessional.it\/wp-content\/uploads\/2022\/03\/logo.png","width":620,"height":176,"caption":"Hair Company Professional"},"image":{"@id":"https:\/\/www.haircompanyprofessional.it\/#\/schema\/logo\/image\/"}},{"@type":"Person","@id":"https:\/\/www.haircompanyprofessional.it\/#\/schema\/person\/3ef6ecda13f2fcad1f8c412c1f4645aa","name":"hcp_admin","image":{"@type":"ImageObject","inLanguage":"es","@id":"https:\/\/www.haircompanyprofessional.it\/#\/schema\/person\/image\/","url":"https:\/\/secure.gravatar.com\/avatar\/1ec48629efc8a4349e68c1c0092504ed126bde8cf85d62e81ce65cb299b06357?s=96&d=mm&r=g","contentUrl":"https:\/\/secure.gravatar.com\/avatar\/1ec48629efc8a4349e68c1c0092504ed126bde8cf85d62e81ce65cb299b06357?s=96&d=mm&r=g","caption":"hcp_admin"},"sameAs":["https:\/\/www.haircompanyprofessional.it"]}]}},"_links":{"self":[{"href":"https:\/\/www.haircompanyprofessional.it\/es\/wp-json\/wp\/v2\/posts\/8081","targetHints":{"allow":["GET"]}}],"collection":[{"href":"https:\/\/www.haircompanyprofessional.it\/es\/wp-json\/wp\/v2\/posts"}],"about":[{"href":"https:\/\/www.haircompanyprofessional.it\/es\/wp-json\/wp\/v2\/types\/post"}],"author":[{"embeddable":true,"href":"https:\/\/www.haircompanyprofessional.it\/es\/wp-json\/wp\/v2\/users\/1"}],"replies":[{"embeddable":true,"href":"https:\/\/www.haircompanyprofessional.it\/es\/wp-json\/wp\/v2\/comments?post=8081"}],"version-history":[{"count":5,"href":"https:\/\/www.haircompanyprofessional.it\/es\/wp-json\/wp\/v2\/posts\/8081\/revisions"}],"predecessor-version":[{"id":8107,"href":"https:\/\/www.haircompanyprofessional.it\/es\/wp-json\/wp\/v2\/posts\/8081\/revisions\/8107"}],"wp:featuredmedia":[{"embeddable":true,"href":"https:\/\/www.haircompanyprofessional.it\/es\/wp-json\/wp\/v2\/media\/8077"}],"wp:attachment":[{"href":"https:\/\/www.haircompanyprofessional.it\/es\/wp-json\/wp\/v2\/media?parent=8081"}],"wp:term":[{"taxonomy":"category","embeddable":true,"href":"https:\/\/www.haircompanyprofessional.it\/es\/wp-json\/wp\/v2\/categories?post=8081"},{"taxonomy":"post_tag","embeddable":true,"href":"https:\/\/www.haircompanyprofessional.it\/es\/wp-json\/wp\/v2\/tags?post=8081"}],"curies":[{"name":"wp","href":"https:\/\/api.w.org\/{rel}","templated":true}]}}